{"id":348,"date":"2009-11-19T12:19:11","date_gmt":"2009-11-19T11:19:11","guid":{"rendered":"http:\/\/wp1065673.wp100.webpack.hosteurope.de\/wp\/?p=348"},"modified":"2009-12-01T20:47:12","modified_gmt":"2009-12-01T19:47:12","slug":"mak","status":"publish","type":"post","link":"https:\/\/www.baptisten-schmiedeberg.de\/?p=348","title":{"rendered":"MAK"},"content":{"rendered":"<figure id=\"attachment_401\" aria-describedby=\"caption-attachment-401\" style=\"width: 150px\" class=\"wp-caption alignright\"><img loading=\"lazy\" decoding=\"async\" class=\"size-thumbnail wp-image-401\" title=\"MAK\" src=\"http:\/\/wp1065673.wp100.webpack.hosteurope.de\/wp\/wp-content\/uploads\/2009\/11\/Foto0334-150x150.jpg\" alt=\"Mitarbeiterkreis am 20.11.2009\" width=\"150\" height=\"150\" \/><figcaption id=\"caption-attachment-401\" class=\"wp-caption-text\">Mitarbeiterkreis am 20.11.2009<\/figcaption><\/figure>\n<p>morgen ist Mitarbeiterkreis in der Kapelle<\/p>\n<p>n\u00e4chster MAK: 22.01.2010<\/p>\n<p>\u00fcbern\u00e4chster MAK: 19.03.2010<\/p>\n","protected":false},"excerpt":{"rendered":"<p>morgen ist Mitarbeiterkreis in der Kapelle n\u00e4chster MAK: 22.01.2010 \u00fcbern\u00e4chster MAK: 19.03.2010<\/p>\n","protected":false},"author":3,"featured_media":0,"comment_status":"closed","ping_status":"closed","sticky":false,"template":"","format":"standard","meta":{"footnotes":""},"categories":[4],"tags":[31],"class_list":["post-348","post","type-post","status-publish","format-standard","hentry","category-veranstaltungen","tag-mak"],"views":3577,"_links":{"self":[{"href":"https:\/\/www.baptisten-schmiedeberg.de\/index.php?rest_route=\/wp\/v2\/posts\/348","targetHints":{"allow":["GET"]}}],"collection":[{"href":"https:\/\/www.baptisten-schmiedeberg.de\/index.php?rest_route=\/wp\/v2\/posts"}],"about":[{"href":"https:\/\/www.baptisten-schmiedeberg.de\/index.php?rest_route=\/wp\/v2\/types\/post"}],"author":[{"embeddable":true,"href":"https:\/\/www.baptisten-schmiedeberg.de\/index.php?rest_route=\/wp\/v2\/users\/3"}],"replies":[{"embeddable":true,"href":"https:\/\/www.baptisten-schmiedeberg.de\/index.php?rest_route=%2Fwp%2Fv2%2Fcomments&post=348"}],"version-history":[{"count":0,"href":"https:\/\/www.baptisten-schmiedeberg.de\/index.php?rest_route=\/wp\/v2\/posts\/348\/revisions"}],"wp:attachment":[{"href":"https:\/\/www.baptisten-schmiedeberg.de\/index.php?rest_route=%2Fwp%2Fv2%2Fmedia&parent=348"}],"wp:term":[{"taxonomy":"category","embeddable":true,"href":"https:\/\/www.baptisten-schmiedeberg.de\/index.php?rest_route=%2Fwp%2Fv2%2Fcategories&post=348"},{"taxonomy":"post_tag","embeddable":true,"href":"https:\/\/www.baptisten-schmiedeberg.de\/index.php?rest_route=%2Fwp%2Fv2%2Ftags&post=348"}],"curies":[{"name":"wp","href":"https:\/\/api.w.org\/{rel}","templated":true}]}}