{"id":308,"date":"2009-09-01T01:21:45","date_gmt":"2009-09-01T00:21:45","guid":{"rendered":"http:\/\/wp1065673.wp100.webpack.hosteurope.de\/wp\/?p=308"},"modified":"2010-04-28T10:56:41","modified_gmt":"2010-04-28T08:56:41","slug":"frauenfruhstuckstreffen","status":"publish","type":"post","link":"https:\/\/www.baptisten-schmiedeberg.de\/?p=308","title":{"rendered":"Frauenfr\u00fchst\u00fcckstreffen"},"content":{"rendered":"<p><strong>Herzliche                        Einladung zum Fr\u00fchst\u00fcckstreffen<\/strong><\/p>\n<p>Zu einem Treffen \u00fcber Lebens- und Glaubensfragen,                          veranstaltet von christlichen Frauen aus der Region, m\u00f6chten                          wir alle Interessierten einladen:<\/p>\n<p>am Samstag, den 05.September 2009 von 09.00 bis 11.30                          Uhr im Gasthof Obercarsdorf mit Referentin Dr. Magdalene                          Furch aus Bad Nauheim.<\/p>\n<p><strong>Thema: Freiheit, die krank macht &#8211; Freiheit,                          in der Leben gelingt<\/strong><\/p>\n<p>Kostenbeitrag: 8,00 Euro<\/p>\n<p>Kommen Sie &#8211; wir freuen uns auf Sie!<\/p>\n<table border=\"0\" cellspacing=\"0\" cellpadding=\"0\" width=\"100%\">\n<tbody>\n<tr>\n<td>Ansprechpartner:<\/p>\n<p>Simone Trittmacher<br \/>\nTel:\u00a003\u00a050\u00a052\u00a0\/\u00a020\u00a0136\u00a0Fax:\u00a003\u00a050\u00a052\u00a0\/\u00a029\u00a0558<\/td>\n<td style=\"font-size: 7pt;\" rowspan=\"3\" align=\"right\"><img loading=\"lazy\" decoding=\"async\" src=\"http:\/\/www.bapsch.de\/images\/frauenfruestueck_foto.jpg\" alt=\"\" width=\"200\" height=\"122\" \/><br \/>\n<a href=\"http:\/\/www.fruehstuecks-treffen.de\/\" target=\"_blank\">www.fruehstuecks-treffen.de<\/a><\/td>\n<\/tr>\n<tr>\n<td>Marlies\u00a0Schriever<br \/>\nTel:\u00a003\u00a051\u00a0\/\u00a065\u00a021\u00a0405\u00a0Fax:\u00a003\u00a051\u00a0\/\u00a065\u00a021\u00a0409<\/td>\n<\/tr>\n<\/tbody>\n<\/table>\n<p>n\u00e4chstes Thema hier: <strong>Thema: \u201cStreiten \u2013 aber richtig!\u201d \u2013 Vom Umgang mit Konflikten<\/strong><\/p>\n<p style=\"text-align: right;\"><strong><a href=\"https:\/\/www.baptisten-schmiedeberg.de\/?page_id=1078\"><img loading=\"lazy\" decoding=\"async\" class=\"alignnone\" src=\"..\/..\/bilder\/cd.gif\" alt=\"\" width=\"25\" height=\"23\" \/><\/a><br \/>\n<\/strong><\/p>\n","protected":false},"excerpt":{"rendered":"<p>Herzliche Einladung zum Fr\u00fchst\u00fcckstreffen Zu einem Treffen \u00fcber Lebens- und Glaubensfragen, veranstaltet von christlichen Frauen aus der Region, m\u00f6chten wir alle Interessierten einladen: am Samstag, den 05.September 2009 von 09.00&hellip;<\/p>\n","protected":false},"author":3,"featured_media":0,"comment_status":"open","ping_status":"closed","sticky":false,"template":"","format":"standard","meta":{"footnotes":""},"categories":[12],"tags":[25],"class_list":["post-308","post","type-post","status-publish","format-standard","hentry","category-infos","tag-fft"],"views":4110,"_links":{"self":[{"href":"https:\/\/www.baptisten-schmiedeberg.de\/index.php?rest_route=\/wp\/v2\/posts\/308","targetHints":{"allow":["GET"]}}],"collection":[{"href":"https:\/\/www.baptisten-schmiedeberg.de\/index.php?rest_route=\/wp\/v2\/posts"}],"about":[{"href":"https:\/\/www.baptisten-schmiedeberg.de\/index.php?rest_route=\/wp\/v2\/types\/post"}],"author":[{"embeddable":true,"href":"https:\/\/www.baptisten-schmiedeberg.de\/index.php?rest_route=\/wp\/v2\/users\/3"}],"replies":[{"embeddable":true,"href":"https:\/\/www.baptisten-schmiedeberg.de\/index.php?rest_route=%2Fwp%2Fv2%2Fcomments&post=308"}],"version-history":[{"count":0,"href":"https:\/\/www.baptisten-schmiedeberg.de\/index.php?rest_route=\/wp\/v2\/posts\/308\/revisions"}],"wp:attachment":[{"href":"https:\/\/www.baptisten-schmiedeberg.de\/index.php?rest_route=%2Fwp%2Fv2%2Fmedia&parent=308"}],"wp:term":[{"taxonomy":"category","embeddable":true,"href":"https:\/\/www.baptisten-schmiedeberg.de\/index.php?rest_route=%2Fwp%2Fv2%2Fcategories&post=308"},{"taxonomy":"post_tag","embeddable":true,"href":"https:\/\/www.baptisten-schmiedeberg.de\/index.php?rest_route=%2Fwp%2Fv2%2Ftags&post=308"}],"curies":[{"name":"wp","href":"https:\/\/api.w.org\/{rel}","templated":true}]}}